{"id":72176,"date":"2020-10-04T02:30:23","date_gmt":"2020-10-04T02:30:23","guid":{"rendered":"https:\/\/steadydemand.cortho.org\/enfermedades-de-la-columna-cervical-inferior\/"},"modified":"2026-02-28T05:17:07","modified_gmt":"2026-02-28T05:17:07","slug":"enfermedades-de-la-columna-cervical-inferior","status":"publish","type":"post","link":"https:\/\/steadydemand.cortho.org\/es\/videos\/enfermedades-de-la-columna-cervical-inferior\/","title":{"rendered":"Enfermedades de la columna cervical inferior"},"content":{"rendered":"<p>Entonces, \u00bfcu\u00e1les son las patolog\u00edas que solemos ver en una columna cervical? Este es un caso de estenosis cervical cong\u00e9nita. Estos pacientes suelen ser asintom\u00e1ticos durante toda su vida, salvo que tengan cambios degenerativos superpuestos o lesiones superpuestas. En caso de traumatismos, tienen un mayor riesgo de afectaci\u00f3n neurol\u00f3gica.   <\/p>\n<p><iframe data-src=\"https:\/\/player.vimeo.com\/video\/441169845?byline=0&amp;portrait=0\" width=\"640\" height=\"360\" frameborder=\"0\" allowfullscreen=\"allowfullscreen\" src=\"data:image\/svg+xml;base64,PHN2ZyB3aWR0aD0iMSIgaGVpZ2h0PSIxIiB4bWxucz0iaHR0cDovL3d3dy53My5vcmcvMjAwMC9zdmciPjwvc3ZnPg==\" class=\"lazyload\" data-load-mode=\"1\"><\/iframe><\/p>\n<p>Este es un caso com\u00fan, hernia discal degenerativa de la columna. En este caso, el disco ha ido detr\u00e1s del cuerpo vertebral, causando tambi\u00e9n el pellizco de la m\u00e9dula. Tambi\u00e9n pueden ser hernias laterales que solo afectan la ra\u00edz nerviosa, causando radiculopat\u00eda. Estos pacientes presentan mayoritariamente radiculopat\u00eda, pero tambi\u00e9n pueden presentar s\u00edntomas de neuronas motoras centrales superiores.   <\/p>\n<p>Esta tambi\u00e9n es una columna degenerativa, pero cabe mencionar aqu\u00ed la osificaci\u00f3n del ligamento longitudinal posterior. Esto se llama OPLL. Estos pacientes son un poco dif\u00edciles de tratar quir\u00fargicamente porque la duramadre est\u00e1 adherida a esta calcificaci\u00f3n. Ir desde el frente es arriesgado. A veces tenemos que hacerlo, pero intentamos no ir desde delante, sino desde atr\u00e1s. Estos pacientes ya tienen la columna r\u00edgida. Solo si presentan s\u00edntomas, los tratamos quir\u00fargicamente.      <\/p>\n<p>Esta es una situaci\u00f3n poco com\u00fan, pero ocurre en una poblaci\u00f3n joven debido al trauma, principalmente accidentes de tr\u00e1fico. La segunda es la ca\u00edda. Esto es como un salto aqu\u00ed. La faceta ha saltado aqu\u00ed. Hay una fractura y una subluxaci\u00f3n.    <\/p>\n<p>Estos pacientes pueden presentarse \u00fanicamente con radiculopat\u00eda. Pueden presentarse incluso tarde si no est\u00e1n diagnosticados. Y solo se presentan con radiculopat\u00eda despu\u00e9s, digamos, de una semana de lesi\u00f3n, o pueden estar en urgencias incluso con cuadriplejia total. Estos pacientes s\u00ed necesitan un manejo quir\u00fargico en forma de reducci\u00f3n y fijaci\u00f3n, a veces tanto por delante como por detr\u00e1s.   <\/p>\n<p>Y esta es otra condici\u00f3n degenerativa en la que la sutil inestabilidad a nivel C4-5. Estos pacientes est\u00e1n otra vez&#8230; Los pacientes degenerativos solo necesitan tratamiento quir\u00fargico si han fallado las medidas conservadoras, que incluyen fisioterapia, medicaci\u00f3n e inyecciones.  <\/p>\n<p>Normalmente ponemos epidurales para esto, a veces los especialistas en dolor son muy buenos haci\u00e9ndolo. Rara vez hacemos un bloqueo de ra\u00edces. Un bloqueo radicular tiene un poco m\u00e1s de tasas de complicaciones en la columna cervical debido a la presencia de la arteria vertebral all\u00ed.  <\/p>\n","protected":false},"excerpt":{"rendered":"<p>Entonces, \u00bfcu\u00e1les son las patolog\u00edas que solemos ver en una columna cervical? Este es un caso de estenosis cervical cong\u00e9nita. Estos pacientes suelen ser asintom\u00e1ticos durante toda su vida, salvo que tengan cambios degenerativos superpuestos o lesiones superpuestas. En caso de traumatismos, tienen un mayor riesgo de afectaci\u00f3n neurol\u00f3gica. Este es un caso com\u00fan, hernia [&hellip;]<\/p>\n","protected":false},"author":5,"featured_media":67896,"comment_status":"closed","ping_status":"closed","sticky":false,"template":"","format":"standard","meta":{"_acf_changed":false,"_seopress_robots_primary_cat":"none","_seopress_titles_title":"Enfermedades de la estenosis cervical inferior de la columna vertebral - Ortopedia completa","_seopress_titles_desc":"Resumen detallado de \"Enfermedades de la columna cervical inferior\" por el Dr. Vedant Vaksha en Complete Orthopedics. Pide cita con \u00e9l ahora.","_seopress_robots_index":"","footnotes":""},"categories":[214],"tags":[],"select-body-part":[],"class_list":["post-72176","post","type-post","status-publish","format-standard","has-post-thumbnail","hentry","category-videos-de-columna"],"acf":[],"_links":{"self":[{"href":"https:\/\/steadydemand.cortho.org\/es\/wp-json\/wp\/v2\/posts\/72176","targetHints":{"allow":["GET"]}}],"collection":[{"href":"https:\/\/steadydemand.cortho.org\/es\/wp-json\/wp\/v2\/posts"}],"about":[{"href":"https:\/\/steadydemand.cortho.org\/es\/wp-json\/wp\/v2\/types\/post"}],"author":[{"embeddable":true,"href":"https:\/\/steadydemand.cortho.org\/es\/wp-json\/wp\/v2\/users\/5"}],"replies":[{"embeddable":true,"href":"https:\/\/steadydemand.cortho.org\/es\/wp-json\/wp\/v2\/comments?post=72176"}],"version-history":[{"count":1,"href":"https:\/\/steadydemand.cortho.org\/es\/wp-json\/wp\/v2\/posts\/72176\/revisions"}],"predecessor-version":[{"id":72699,"href":"https:\/\/steadydemand.cortho.org\/es\/wp-json\/wp\/v2\/posts\/72176\/revisions\/72699"}],"wp:featuredmedia":[{"embeddable":true,"href":"https:\/\/steadydemand.cortho.org\/es\/wp-json\/wp\/v2\/media\/67896"}],"wp:attachment":[{"href":"https:\/\/steadydemand.cortho.org\/es\/wp-json\/wp\/v2\/media?parent=72176"}],"wp:term":[{"taxonomy":"category","embeddable":true,"href":"https:\/\/steadydemand.cortho.org\/es\/wp-json\/wp\/v2\/categories?post=72176"},{"taxonomy":"post_tag","embeddable":true,"href":"https:\/\/steadydemand.cortho.org\/es\/wp-json\/wp\/v2\/tags?post=72176"},{"taxonomy":"select-body-part","embeddable":true,"href":"https:\/\/steadydemand.cortho.org\/es\/wp-json\/wp\/v2\/select-body-part?post=72176"}],"curies":[{"name":"wp","href":"https:\/\/api.w.org\/{rel}","templated":true}]}}